{"id":87,"date":"1931-06-26T18:32:00","date_gmt":"1931-06-26T18:32:00","guid":{"rendered":"https:\/\/denizkuregi.com\/?p=87"},"modified":"2024-07-22T04:32:35","modified_gmt":"2024-07-22T04:32:35","slug":"istanbul-mintikasinin-deniz-yarislari-basliyor","status":"publish","type":"post","link":"https:\/\/denizkuregi.com\/?p=87","title":{"rendered":"\u0130stanbul M\u0131nt\u0131kas\u0131n\u0131n Deniz Yar\u0131\u015flar\u0131 Ba\u015fl\u0131yor"},"content":{"rendered":"\n<h2>Bu seneki deniz yar\u0131\u015flar\u0131n\u0131n program\u0131 \u00e7ok g\u00fczel tanzim edilmi\u015f ve m\u00fcsabaka adedi tezyit edilmi\u015ftir.<\/h2>\n\n\n\n<p>Her sene T.\u0130.C.\u0130. (T\u00fcrkiye \u0130dman Cemiyetleri \u0130ttifak\u0131) \u0130stanbul Denizcilik Heyeti bir tak\u0131m m\u00fcsabakalar yapar ve bu kar\u015f\u0131la\u015fmalar da ancak iki \u2013 \u00fc\u00e7 tane olurdu. Halbuki bu sene denizcilik heyeti muhtelif tarihlerde tam 11 tane m\u00fcsabaka haz\u0131rlam\u0131\u015ft\u0131r. Sonra bu yar\u0131\u015flar ge\u00e7en seneler oldu\u011fu gibi yaln\u0131z f\u0131ta m\u00fcsabakalar\u0131na inhisar etmiyor b\u00fct\u00fcn deniz sporlar\u0131n\u0131 ihtiva ediyor.<\/p>\n\n\n\n<p>Her halde bu g\u00fczel programdan dolay\u0131 b\u00fct\u00fcn denizcilik heyeti azas\u0131na m\u00fcte\u015fekkir oldu\u011fumuz gibi, bilhassa bu spor i\u00e7in yorulmak bilmez bir azim ile \u00e7al\u0131\u015fan heyet reisi Ekrem R\u00fc\u015ft\u00fc Bey\u2019e ne kadar te\u015fekk\u00fcr 3etsek azd\u0131r.<\/p>\n\n\n\n<p>\u00c7\u00fcnk\u00fc vaziyeti co\u011frafiyesi itibariyle deniz sporlar\u0131na \u00e7ok ehemmiyet atfedilmesi laz\u0131m gelen bir meseledir.<\/p>\n\n\n\n<p>E\u011fer bundan evvelki te\u015fekk\u00fcller b\u00f6yle mazbut ve her \u015feyi evvelden d\u00fcn\u00fclm\u00fc\u015f birer programla (g\u00f6steri\u015fi b\u0131rak\u0131p) bihakk\u0131n \u00e7al\u0131\u015fm\u0131\u015f olsalard\u0131 belki bug\u00fcn bizim de b\u00fct\u00fcn d\u00fcnyaca ehliyeti tan\u0131nm\u0131\u015f bir veya birka\u00e7 deniz \u015fampiyonumuz olabilirdi. Mutlak bir yoksulluk i\u00e7inde \u00e7al\u0131\u015fan bug\u00fcnk\u00fc denizcilerimizde bile olduk\u00e7a b\u00fcy\u00fck muvafakiyetler kazananlar\u0131 vard\u0131r.<\/p>\n\n\n\n<p>E\u011fer biz muntazam ve ciddi m\u00fcsabakalar tertip edersek bu bahsetti\u011fim gen\u00e7ler daha \u00e7ok \u00e7al\u0131\u015facaklar ve bug\u00fcnk\u00fc vaziyetlerinden elbette daha, \u00e7ok iyi neticeler alacaklard\u0131r.<\/p>\n\n\n\n<p>Biz ge\u00e7en seneler yaln\u0131z k\u00fcrek yar\u0131\u015flar\u0131na ehemmiyet verir, di\u011ferlerini ya vaktin kifayetsizli\u011finden yahut da l\u00fczumsuzlu\u011fundan bahsederek tek veya yap\u0131lmamak \u00fczere tehir ederdik.<\/p>\n\n\n\n<p>Bu \u015ferait dahilinde \u015f\u00fcphesizdir ki bu spora k\u00fcrekten gayri \u015fubelerinde \u00e7al\u0131\u015fan gen\u00e7ler hakl\u0131 olarak k\u0131r\u0131l\u0131yorlar ve hevesleri biraz kaba olmakla beraber kursaklar\u0131nda kal\u0131yordu.<\/p>\n\n\n\n<p>Bu nokta bu seneki k\u0131ymetli denizcilik heyetimizin nazar\u0131 dikkatini celbetti\u011fi i\u00e7in 1931 senesi deniz yar\u0131\u015flar\u0131 program\u0131nda k\u00fcrekten gayr\u0131 sporlara da yer ay\u0131rm\u0131\u015flar ve bu senenin deniz yar\u0131\u015flar\u0131n\u0131 da \u015f\u00f6yle tertip etmi\u015fler:<\/p>\n\n\n\n<p>3 Temmuz 1931 Saat 13 \u2013 K\u00fcrek \u2013 Beykoz<\/p>\n\n\n\n<p>&nbsp;&nbsp;&nbsp;&nbsp;&nbsp;&nbsp;&nbsp;&nbsp;&nbsp;&nbsp;&nbsp; 17 Temmuz 1931 Saat 13,35 Y\u00fczme, atlama, su topu, outboard, planeboard \u2013 B\u00fcy\u00fckdere<\/p>\n\n\n\n<p>&nbsp;&nbsp;&nbsp;&nbsp;&nbsp;&nbsp;&nbsp;&nbsp;&nbsp;&nbsp;&nbsp; 24 Temmuz 1931 Saat 13:30 Y\u00fczme, Atlama, Su Topu \u2013 B\u00fcy\u00fckdere<\/p>\n\n\n\n<p>&nbsp;&nbsp;&nbsp;&nbsp;&nbsp;&nbsp;&nbsp;&nbsp;&nbsp;&nbsp;&nbsp; 31 Temmuz 1931 Saat 13 K\u00fcrek (M\u0131nt\u0131ka Birincili\u011fi) \u2013 Yelken ve Motobot, Outboard Beykoz<\/p>\n\n\n\n<p>&nbsp;&nbsp;&nbsp;&nbsp;&nbsp;&nbsp;&nbsp;&nbsp;&nbsp;&nbsp;&nbsp; 7 A\u011fustos 1931 Saat 13:30 Y\u00fczme Se\u00e7meleri, Su topu \u2013 B\u00fcy\u00fckdere<\/p>\n\n\n\n<p>&nbsp;&nbsp;&nbsp;&nbsp;&nbsp;&nbsp;&nbsp;&nbsp;&nbsp;&nbsp;&nbsp; 14 A\u011fustos 1931&nbsp; Saat 13:30 Y\u00fczme Atlama Su Topu (M\u0131nt\u0131ka birincili\u011fi) \u2013 B\u00fcy\u00fckdere<\/p>\n\n\n\n<p>&nbsp;&nbsp;&nbsp;&nbsp;&nbsp;&nbsp;&nbsp;&nbsp;&nbsp;&nbsp;&nbsp; 21 A\u011fustos 1931 Saat 13:30 Deniz Bayram\u0131 \u2013 Outboard, Plane Board,&nbsp; &#8211; B\u00fcy\u00fckdere<\/p>\n\n\n\n<p>&nbsp;&nbsp;&nbsp;&nbsp;&nbsp;&nbsp;&nbsp;&nbsp;&nbsp;&nbsp;&nbsp; 28 A\u011fustos 1931 Saat 17:00 Bo\u011faz\u0131 ge\u00e7me m\u00fcsabakalar\u0131 \u2013 Rumelihisar\u0131 \u2013 Kandilli<\/p>\n\n\n\n<p>&nbsp;&nbsp;&nbsp;&nbsp;&nbsp;&nbsp;&nbsp;&nbsp;&nbsp;&nbsp;&nbsp; 4 Eyl\u00fcl 1931 Saat 15:30 Beykoz \u2013 Bebek Y\u00fczme Mukavemet<\/p>\n\n\n\n<p>&nbsp;&nbsp;&nbsp;&nbsp;&nbsp;&nbsp;&nbsp;&nbsp;&nbsp;&nbsp;&nbsp; 11 Eyl\u00fcl 1931 Saat 15:00 B\u00fcy\u00fckdere \u2013 Salac\u0131k \u00dc\u00e7 \u00c7iftelere mahsus k\u00fcrek mukavemet<\/p>\n\n\n\n<p>\u015eu programdan da anla\u015f\u0131ld\u0131\u011f\u0131 ve\u00e7hile heyet b\u00fct\u00fcn deniz sporlar\u0131n\u0131 d\u00fc\u015f\u00fcnm\u00fc\u015f ve onlar\u0131 hakk\u0131 ile \u00e7al\u0131\u015ft\u0131rmak i\u00e7in muhtelif tarihlerde muhtelif yar\u0131\u015flar yar\u0131\u015flar ihzar etmi\u015ftir.<\/p>\n\n\n\n<p>Denizciler bu f\u0131rsatlardan istifade ederek bize \u00e7ok iyi neticeler vermelerini bekleriz.<\/p>\n\n\n\n<p>Beykozda yap\u0131lacak olan 3 k\u00fcrek m\u00fcsabakas\u0131 her zamanki gibi M\u00fcptediler, K\u0131demsizler, Han\u0131mlar, Tahlisiyeler ve profesyoneller taraf\u0131ndan muhtelif mesafeler \u00fczerinde yap\u0131lacakt\u0131r.<\/p>\n\n\n\n<p class=\"has-blue-color has-text-color\">(G\u00fcn\u00fcm\u00fcz T\u00fcrk\u00e7esi) \u0130stanbul B\u00f6lgesinin Deniz Yar\u0131\u015flar\u0131 Ba\u015fl\u0131yor<\/p>\n\n\n\n<p class=\"has-blue-color has-text-color\">Bu seneki deniz yar\u0131\u015flar\u0131n\u0131n program\u0131 \u00e7ok g\u00fczel d\u00fczenlenmi\u015f ve yar\u0131\u015f say\u0131s\u0131 art\u0131r\u0131lm\u0131\u015ft\u0131r.<\/p>\n\n\n\n<p class=\"has-blue-color has-text-color\">Her sene T\u00fcrkiye Spor Kul\u00fcpleri Birli\u011fi (T.\u0130.C.\u0130.) \u0130stanbul Denizcilik Heyeti baz\u0131 yar\u0131\u015fmalar d\u00fczenler ve bu m\u00fccadeleler genellikle iki veya \u00fc\u00e7 taneydi. Ancak bu sene denizcilik heyeti \u00e7e\u015fitli tarihlerde tam 11 yar\u0131\u015f haz\u0131rlam\u0131\u015ft\u0131r. Ayr\u0131ca bu yar\u0131\u015flar ge\u00e7en senelerde oldu\u011fu gibi sadece k\u00fcrek yar\u0131\u015flar\u0131yla s\u0131n\u0131rl\u0131 kalm\u0131yor, t\u00fcm deniz sporlar\u0131n\u0131 kaps\u0131yor.<\/p>\n\n\n\n<p class=\"has-blue-color has-text-color\">Her durumda, bu g\u00fczel program i\u00e7in t\u00fcm denizcilik heyeti \u00fcyelerine minnettar\u0131z, \u00f6zellikle bu spor i\u00e7in yorulmak bilmez bir azimle \u00e7al\u0131\u015fan heyet ba\u015fkan\u0131 Ekrem R\u00fc\u015ft\u00fc Bey\u2019e ne kadar te\u015fekk\u00fcr etsek azd\u0131r.<\/p>\n\n\n\n<p class=\"has-blue-color has-text-color\">\u00c7\u00fcnk\u00fc co\u011frafi konum itibar\u0131yla deniz sporlar\u0131na \u00e7ok \u00f6nem verilmesi gereken bir konudur. E\u011fer daha \u00f6nceki kurulu\u015flar da bu kadar d\u00fczenli ve her \u015feyi \u00f6nceden d\u00fc\u015f\u00fcn\u00fclm\u00fc\u015f programlarla ger\u00e7ekten \u00e7al\u0131\u015fm\u0131\u015f olsalard\u0131, belki bug\u00fcn d\u00fcnya \u00e7ap\u0131nda yetenekleri tan\u0131nm\u0131\u015f bir veya birka\u00e7 deniz \u015fampiyonumuz olabilirdi. Kesin bir yoksulluk i\u00e7inde \u00e7al\u0131\u015fan bug\u00fcnk\u00fc denizcilerimizde bile olduk\u00e7a b\u00fcy\u00fck ba\u015far\u0131lar elde edenler vard\u0131r. E\u011fer d\u00fczenli ve ciddi yar\u0131\u015fmalar d\u00fczenlersek, bahsetti\u011fim gen\u00e7ler daha \u00e7ok \u00e7al\u0131\u015facaklar ve mevcut durumlar\u0131ndan elbette daha iyi sonu\u00e7lar alacaklard\u0131r. Ge\u00e7en y\u0131llarda sadece k\u00fcrek yar\u0131\u015flar\u0131na \u00f6nem verir, di\u011ferlerini ya zaman\u0131n yetersizli\u011finden ya da gereksiz olduklar\u0131ndan bahisle ya iptal eder ya da ertelerdik. Bu \u015fartlar alt\u0131nda \u015f\u00fcphesiz ki bu spora k\u00fcrek d\u0131\u015f\u0131ndaki dallarda \u00e7al\u0131\u015fan gen\u00e7ler hakl\u0131 olarak k\u0131z\u0131yorlar ve hevesleri ne yaz\u0131k ki kursaklar\u0131nda kal\u0131yordu. Bu nokta, bu seneki de\u011ferli denizcilik heyetimizin dikkatini \u00e7ekti\u011fi i\u00e7in, 1931 y\u0131l\u0131 deniz yar\u0131\u015flar\u0131 program\u0131nda k\u00fcrek d\u0131\u015f\u0131ndaki sporlara da yer vermi\u015fler ve bu y\u0131l\u0131n deniz yar\u0131\u015flar\u0131n\u0131 a\u015fa\u011f\u0131daki gibi d\u00fczenlemi\u015fler:<\/p>\n\n\n\n<p class=\"has-blue-color has-text-color\">3 Temmuz 1931 Saat 13 \u2013 K\u00fcrek \u2013 Beykoz <\/p>\n\n\n\n<p class=\"has-blue-color has-text-color\">17 Temmuz 1931 Saat 13:35 Y\u00fczme, Atlama, Su Topu, Outboard, Planeboard \u2013 B\u00fcy\u00fckdere <\/p>\n\n\n\n<p class=\"has-blue-color has-text-color\">24 Temmuz 1931 Saat 13:30 Y\u00fczme, Atlama, Su Topu \u2013 B\u00fcy\u00fckdere <\/p>\n\n\n\n<p class=\"has-blue-color has-text-color\">31 Temmuz 1931 Saat 13 K\u00fcrek (B\u00f6lge Birincili\u011fi) \u2013 Yelken ve Motorbot, Outboard Beykoz 7 A\u011fustos 1931 Saat 13:30 Y\u00fczme Se\u00e7meleri, Su Topu \u2013 B\u00fcy\u00fckdere <\/p>\n\n\n\n<p class=\"has-blue-color has-text-color\">14 A\u011fustos 1931 Saat 13:30 Y\u00fczme, Atlama, Su Topu (B\u00f6lge birincili\u011fi) \u2013 B\u00fcy\u00fckdere <\/p>\n\n\n\n<p class=\"has-blue-color has-text-color\">21 A\u011fustos 1931 Saat 13:30 Deniz Bayram\u0131 \u2013 Outboard, Plane Board, &#8211; B\u00fcy\u00fckdere 28 A\u011fustos 1931 Saat 17:00 Bo\u011faz\u0131 ge\u00e7me yar\u0131\u015flar\u0131 \u2013 Rumelihisar\u0131 \u2013 Kandilli <\/p>\n\n\n\n<p class=\"has-blue-color has-text-color\">4 Eyl\u00fcl 1931 Saat 15:30 Beykoz \u2013 Bebek Y\u00fczme Dayan\u0131kl\u0131l\u0131k <\/p>\n\n\n\n<p class=\"has-blue-color has-text-color\">11 Eyl\u00fcl 1931 Saat 15:00 B\u00fcy\u00fckdere \u2013 Salacak \u0130ki Ki\u015filik K\u00fcrek Dayan\u0131kl\u0131l\u0131k<\/p>\n\n\n\n<p class=\"has-blue-color has-text-color\">Bu programdan da anla\u015f\u0131laca\u011f\u0131 gibi heyet, t\u00fcm deniz sporlar\u0131n\u0131 d\u00fc\u015f\u00fcnm\u00fc\u015f ve onlar\u0131 lay\u0131k\u0131yla \u00e7al\u0131\u015ft\u0131rmak i\u00e7in \u00e7e\u015fitli tarihlerde \u00e7e\u015fitli yar\u0131\u015flar haz\u0131rlam\u0131\u015ft\u0131r. Denizciler bu f\u0131rsatlardan faydalanarak bize \u00e7ok iyi sonu\u00e7lar vermelerini bekliyoruz. Beykoz&#8217;da yap\u0131lacak olan 3 k\u00fcrek yar\u0131\u015f\u0131 her zamanki gibi Amat\u00f6rler, Yeni Ba\u015flayanlar, Kad\u0131nlar, Tahlisiyeler ve profesyoneller taraf\u0131ndan \u00e7e\u015fitli mesafelerde ger\u00e7ekle\u015ftirilecektir.<\/p>\n\n\n\n<p><\/p>\n\n\n\n<figure class=\"wp-block-image size-large\"><img fetchpriority=\"high\" decoding=\"async\" width=\"779\" height=\"1024\" src=\"https:\/\/denizkuregi.com\/wp-content\/uploads\/2023\/12\/26-Haziran-1931-Tarihli-Milliyet-Gazetesi-Sayfa-6-1-779x1024.jpg\" alt=\"\" class=\"wp-image-88\" srcset=\"https:\/\/denizkuregi.com\/wp-content\/uploads\/2023\/12\/26-Haziran-1931-Tarihli-Milliyet-Gazetesi-Sayfa-6-1-779x1024.jpg 779w, https:\/\/denizkuregi.com\/wp-content\/uploads\/2023\/12\/26-Haziran-1931-Tarihli-Milliyet-Gazetesi-Sayfa-6-1-228x300.jpg 228w, https:\/\/denizkuregi.com\/wp-content\/uploads\/2023\/12\/26-Haziran-1931-Tarihli-Milliyet-Gazetesi-Sayfa-6-1-768x1009.jpg 768w, https:\/\/denizkuregi.com\/wp-content\/uploads\/2023\/12\/26-Haziran-1931-Tarihli-Milliyet-Gazetesi-Sayfa-6-1-1169x1536.jpg 1169w, https:\/\/denizkuregi.com\/wp-content\/uploads\/2023\/12\/26-Haziran-1931-Tarihli-Milliyet-Gazetesi-Sayfa-6-1-1559x2048.jpg 1559w, https:\/\/denizkuregi.com\/wp-content\/uploads\/2023\/12\/26-Haziran-1931-Tarihli-Milliyet-Gazetesi-Sayfa-6-1-scaled.jpg 1948w\" sizes=\"(max-width: 779px) 100vw, 779px\" \/><\/figure>\n\n\n\n<figure class=\"wp-block-image size-large\"><img decoding=\"async\" width=\"759\" height=\"1024\" src=\"https:\/\/denizkuregi.com\/wp-content\/uploads\/2023\/12\/26-Haziran-1931-Tarihli-Cumhuriyet-Gazetesi-Sayfa-4-1-759x1024.jpg\" alt=\"\" class=\"wp-image-89\" srcset=\"https:\/\/denizkuregi.com\/wp-content\/uploads\/2023\/12\/26-Haziran-1931-Tarihli-Cumhuriyet-Gazetesi-Sayfa-4-1-759x1024.jpg 759w, https:\/\/denizkuregi.com\/wp-content\/uploads\/2023\/12\/26-Haziran-1931-Tarihli-Cumhuriyet-Gazetesi-Sayfa-4-1-222x300.jpg 222w, https:\/\/denizkuregi.com\/wp-content\/uploads\/2023\/12\/26-Haziran-1931-Tarihli-Cumhuriyet-Gazetesi-Sayfa-4-1-768x1036.jpg 768w, https:\/\/denizkuregi.com\/wp-content\/uploads\/2023\/12\/26-Haziran-1931-Tarihli-Cumhuriyet-Gazetesi-Sayfa-4-1-1139x1536.jpg 1139w, https:\/\/denizkuregi.com\/wp-content\/uploads\/2023\/12\/26-Haziran-1931-Tarihli-Cumhuriyet-Gazetesi-Sayfa-4-1-1518x2048.jpg 1518w, https:\/\/denizkuregi.com\/wp-content\/uploads\/2023\/12\/26-Haziran-1931-Tarihli-Cumhuriyet-Gazetesi-Sayfa-4-1-scaled.jpg 1898w\" sizes=\"(max-width: 759px) 100vw, 759px\" \/><\/figure>\n","protected":false},"excerpt":{"rendered":"<p>Bu seneki deniz yar\u0131\u015flar\u0131n\u0131n program\u0131 \u00e7ok g\u00fczel tanzim edilmi\u015f ve m\u00fcsabaka adedi tezyit edilmi\u015ftir. Her sene T.\u0130.C.\u0130. (T\u00fcrkiye \u0130dman Cemiyetleri \u0130ttifak\u0131) \u0130stanbul Denizcilik Heyeti bir tak\u0131m m\u00fcsabakalar yapar ve bu kar\u015f\u0131la\u015fmalar da ancak iki \u2013 \u00fc\u00e7 tane olurdu. Halbuki bu &hellip; <a href=\"https:\/\/denizkuregi.com\/?p=87\">Okumaya devam et <span class=\"meta-nav\">&rarr;<\/span><\/a><\/p>\n","protected":false},"author":7,"featured_media":0,"comment_status":"open","ping_status":"open","sticky":false,"template":"","format":"standard","meta":[],"categories":[24],"tags":[],"_links":{"self":[{"href":"https:\/\/denizkuregi.com\/index.php?rest_route=\/wp\/v2\/posts\/87"}],"collection":[{"href":"https:\/\/denizkuregi.com\/index.php?rest_route=\/wp\/v2\/posts"}],"about":[{"href":"https:\/\/denizkuregi.com\/index.php?rest_route=\/wp\/v2\/types\/post"}],"author":[{"embeddable":true,"href":"https:\/\/denizkuregi.com\/index.php?rest_route=\/wp\/v2\/users\/7"}],"replies":[{"embeddable":true,"href":"https:\/\/denizkuregi.com\/index.php?rest_route=%2Fwp%2Fv2%2Fcomments&post=87"}],"version-history":[{"count":3,"href":"https:\/\/denizkuregi.com\/index.php?rest_route=\/wp\/v2\/posts\/87\/revisions"}],"predecessor-version":[{"id":756,"href":"https:\/\/denizkuregi.com\/index.php?rest_route=\/wp\/v2\/posts\/87\/revisions\/756"}],"wp:attachment":[{"href":"https:\/\/denizkuregi.com\/index.php?rest_route=%2Fwp%2Fv2%2Fmedia&parent=87"}],"wp:term":[{"taxonomy":"category","embeddable":true,"href":"https:\/\/denizkuregi.com\/index.php?rest_route=%2Fwp%2Fv2%2Fcategories&post=87"},{"taxonomy":"post_tag","embeddable":true,"href":"https:\/\/denizkuregi.com\/index.php?rest_route=%2Fwp%2Fv2%2Ftags&post=87"}],"curies":[{"name":"wp","href":"https:\/\/api.w.org\/{rel}","templated":true}]}}