{"id":79,"date":"1931-03-14T17:50:00","date_gmt":"1931-03-14T17:50:00","guid":{"rendered":"https:\/\/denizkuregi.com\/?p=79"},"modified":"2024-07-22T04:32:21","modified_gmt":"2024-07-22T04:32:21","slug":"sen-nehrinde-kurek-yarisi","status":"publish","type":"post","link":"https:\/\/denizkuregi.com\/?p=79","title":{"rendered":"Sen Nehrinde K\u00fcrek Yar\u0131\u015f\u0131"},"content":{"rendered":"\n<p>Avrupa\u2019n\u0131n baz\u0131 yerlerinde yaz sporlar\u0131na yava\u015f yava\u015f ba\u015flan\u0131yor. Yak\u0131nda Fransa\u2019da kad\u0131nlar aras\u0131nda k\u00fcrek yar\u0131\u015flar\u0131 yap\u0131lacakt\u0131r. Sen Nehri \u00fczerinde icras\u0131 mukarrer olan m\u00fcsabakalara \u0130ngiliz ve \u0130sve\u00e7 kad\u0131nlar\u0131 da i\u015ftirak edeceklerdir. \u0130ki, \u00fc\u00e7 ay sonra yine Sen Nehrinde yap\u0131lmas\u0131 mutat olan Avrupa birinciliklerinin bir ba\u015flang\u0131c\u0131 addolunan bu m\u00fcsabakalara Frans\u0131z tak\u0131m\u0131 fevkalade iyi haz\u0131rlanm\u0131\u015ft\u0131r. M\u00fcsabakay\u0131 Frans\u0131zlar\u0131n kazanaca\u011f\u0131 tahmin ediliyor.<\/p>\n\n\n\n<figure class=\"wp-block-image size-large\"><img fetchpriority=\"high\" decoding=\"async\" width=\"783\" height=\"1024\" src=\"https:\/\/denizkuregi.com\/wp-content\/uploads\/2023\/12\/14-Mart-1931-Tarihli-Son-Posta-Gazetesi-Sayfa-5-1-783x1024.jpg\" alt=\"\" class=\"wp-image-80\" srcset=\"https:\/\/denizkuregi.com\/wp-content\/uploads\/2023\/12\/14-Mart-1931-Tarihli-Son-Posta-Gazetesi-Sayfa-5-1-783x1024.jpg 783w, https:\/\/denizkuregi.com\/wp-content\/uploads\/2023\/12\/14-Mart-1931-Tarihli-Son-Posta-Gazetesi-Sayfa-5-1-229x300.jpg 229w, https:\/\/denizkuregi.com\/wp-content\/uploads\/2023\/12\/14-Mart-1931-Tarihli-Son-Posta-Gazetesi-Sayfa-5-1-768x1004.jpg 768w, https:\/\/denizkuregi.com\/wp-content\/uploads\/2023\/12\/14-Mart-1931-Tarihli-Son-Posta-Gazetesi-Sayfa-5-1-1175x1536.jpg 1175w, https:\/\/denizkuregi.com\/wp-content\/uploads\/2023\/12\/14-Mart-1931-Tarihli-Son-Posta-Gazetesi-Sayfa-5-1-1566x2048.jpg 1566w, https:\/\/denizkuregi.com\/wp-content\/uploads\/2023\/12\/14-Mart-1931-Tarihli-Son-Posta-Gazetesi-Sayfa-5-1-scaled.jpg 1958w\" sizes=\"(max-width: 783px) 100vw, 783px\" \/><\/figure>\n","protected":false},"excerpt":{"rendered":"<p>Avrupa\u2019n\u0131n baz\u0131 yerlerinde yaz sporlar\u0131na yava\u015f yava\u015f ba\u015flan\u0131yor. Yak\u0131nda Fransa\u2019da kad\u0131nlar aras\u0131nda k\u00fcrek yar\u0131\u015flar\u0131 yap\u0131lacakt\u0131r. Sen Nehri \u00fczerinde icras\u0131 mukarrer olan m\u00fcsabakalara \u0130ngiliz ve \u0130sve\u00e7 kad\u0131nlar\u0131 da i\u015ftirak edeceklerdir. \u0130ki, \u00fc\u00e7 ay sonra yine Sen Nehrinde yap\u0131lmas\u0131 mutat olan Avrupa &hellip; <a href=\"https:\/\/denizkuregi.com\/?p=79\">Okumaya devam et <span class=\"meta-nav\">&rarr;<\/span><\/a><\/p>\n","protected":false},"author":2,"featured_media":80,"comment_status":"open","ping_status":"open","sticky":false,"template":"","format":"standard","meta":[],"categories":[3],"tags":[27,26],"_links":{"self":[{"href":"https:\/\/denizkuregi.com\/index.php?rest_route=\/wp\/v2\/posts\/79"}],"collection":[{"href":"https:\/\/denizkuregi.com\/index.php?rest_route=\/wp\/v2\/posts"}],"about":[{"href":"https:\/\/denizkuregi.com\/index.php?rest_route=\/wp\/v2\/types\/post"}],"author":[{"embeddable":true,"href":"https:\/\/denizkuregi.com\/index.php?rest_route=\/wp\/v2\/users\/2"}],"replies":[{"embeddable":true,"href":"https:\/\/denizkuregi.com\/index.php?rest_route=%2Fwp%2Fv2%2Fcomments&post=79"}],"version-history":[{"count":2,"href":"https:\/\/denizkuregi.com\/index.php?rest_route=\/wp\/v2\/posts\/79\/revisions"}],"predecessor-version":[{"id":752,"href":"https:\/\/denizkuregi.com\/index.php?rest_route=\/wp\/v2\/posts\/79\/revisions\/752"}],"wp:featuredmedia":[{"embeddable":true,"href":"https:\/\/denizkuregi.com\/index.php?rest_route=\/wp\/v2\/media\/80"}],"wp:attachment":[{"href":"https:\/\/denizkuregi.com\/index.php?rest_route=%2Fwp%2Fv2%2Fmedia&parent=79"}],"wp:term":[{"taxonomy":"category","embeddable":true,"href":"https:\/\/denizkuregi.com\/index.php?rest_route=%2Fwp%2Fv2%2Fcategories&post=79"},{"taxonomy":"post_tag","embeddable":true,"href":"https:\/\/denizkuregi.com\/index.php?rest_route=%2Fwp%2Fv2%2Ftags&post=79"}],"curies":[{"name":"wp","href":"https:\/\/api.w.org\/{rel}","templated":true}]}}