{"id":688,"date":"1935-07-29T21:07:00","date_gmt":"1935-07-29T21:07:00","guid":{"rendered":"https:\/\/denizkuregi.com\/?p=688"},"modified":"2024-07-28T15:39:11","modified_gmt":"2024-07-28T15:39:11","slug":"kurek-yarislari-tatsiz-oldu","status":"publish","type":"post","link":"https:\/\/denizkuregi.com\/?p=688","title":{"rendered":"K\u00fcrek Yar\u0131\u015flar\u0131 tats\u0131z oldu"},"content":{"rendered":"\n<p>\u00c7\u00fcnk\u00fc \u00f6\u011fleden evvel yar\u0131\u015flara giren kul\u00fcplerin bir k\u0131sm\u0131 \u00f6\u011fleden sonra nedense \u00e7ekilip gittiler<\/p>\n\n\n\n<figure class=\"wp-block-image size-large\"><img fetchpriority=\"high\" decoding=\"async\" width=\"687\" height=\"1024\" src=\"https:\/\/denizkuregi.com\/wp-content\/uploads\/2024\/01\/1935-07-29-0-1-687x1024.jpg\" alt=\"\" class=\"wp-image-691\" srcset=\"https:\/\/denizkuregi.com\/wp-content\/uploads\/2024\/01\/1935-07-29-0-1-687x1024.jpg 687w, https:\/\/denizkuregi.com\/wp-content\/uploads\/2024\/01\/1935-07-29-0-1-201x300.jpg 201w, https:\/\/denizkuregi.com\/wp-content\/uploads\/2024\/01\/1935-07-29-0-1-768x1144.jpg 768w, https:\/\/denizkuregi.com\/wp-content\/uploads\/2024\/01\/1935-07-29-0-1-1031x1536.jpg 1031w, https:\/\/denizkuregi.com\/wp-content\/uploads\/2024\/01\/1935-07-29-0-1-1375x2048.jpg 1375w, https:\/\/denizkuregi.com\/wp-content\/uploads\/2024\/01\/1935-07-29-0-1-scaled.jpg 1719w\" sizes=\"(max-width: 687px) 100vw, 687px\" \/><\/figure>\n\n\n\n<figure class=\"wp-block-image size-large\"><img decoding=\"async\" width=\"681\" height=\"1024\" src=\"https:\/\/denizkuregi.com\/wp-content\/uploads\/2024\/01\/1935-07-29-4-681x1024.jpg\" alt=\"\" class=\"wp-image-689\" srcset=\"https:\/\/denizkuregi.com\/wp-content\/uploads\/2024\/01\/1935-07-29-4-681x1024.jpg 681w, https:\/\/denizkuregi.com\/wp-content\/uploads\/2024\/01\/1935-07-29-4-199x300.jpg 199w, https:\/\/denizkuregi.com\/wp-content\/uploads\/2024\/01\/1935-07-29-4-768x1155.jpg 768w, https:\/\/denizkuregi.com\/wp-content\/uploads\/2024\/01\/1935-07-29-4-1021x1536.jpg 1021w, https:\/\/denizkuregi.com\/wp-content\/uploads\/2024\/01\/1935-07-29-4-1362x2048.jpg 1362w, https:\/\/denizkuregi.com\/wp-content\/uploads\/2024\/01\/1935-07-29-4-scaled.jpg 1702w\" sizes=\"(max-width: 681px) 100vw, 681px\" \/><\/figure>\n","protected":false},"excerpt":{"rendered":"<p>\u00c7\u00fcnk\u00fc \u00f6\u011fleden evvel yar\u0131\u015flara giren kul\u00fcplerin bir k\u0131sm\u0131 \u00f6\u011fleden sonra nedense \u00e7ekilip gittiler<\/p>\n","protected":false},"author":1,"featured_media":0,"comment_status":"open","ping_status":"open","sticky":false,"template":"","format":"standard","meta":[],"categories":[47],"tags":[],"_links":{"self":[{"href":"https:\/\/denizkuregi.com\/index.php?rest_route=\/wp\/v2\/posts\/688"}],"collection":[{"href":"https:\/\/denizkuregi.com\/index.php?rest_route=\/wp\/v2\/posts"}],"about":[{"href":"https:\/\/denizkuregi.com\/index.php?rest_route=\/wp\/v2\/types\/post"}],"author":[{"embeddable":true,"href":"https:\/\/denizkuregi.com\/index.php?rest_route=\/wp\/v2\/users\/1"}],"replies":[{"embeddable":true,"href":"https:\/\/denizkuregi.com\/index.php?rest_route=%2Fwp%2Fv2%2Fcomments&post=688"}],"version-history":[{"count":3,"href":"https:\/\/denizkuregi.com\/index.php?rest_route=\/wp\/v2\/posts\/688\/revisions"}],"predecessor-version":[{"id":781,"href":"https:\/\/denizkuregi.com\/index.php?rest_route=\/wp\/v2\/posts\/688\/revisions\/781"}],"wp:attachment":[{"href":"https:\/\/denizkuregi.com\/index.php?rest_route=%2Fwp%2Fv2%2Fmedia&parent=688"}],"wp:term":[{"taxonomy":"category","embeddable":true,"href":"https:\/\/denizkuregi.com\/index.php?rest_route=%2Fwp%2Fv2%2Fcategories&post=688"},{"taxonomy":"post_tag","embeddable":true,"href":"https:\/\/denizkuregi.com\/index.php?rest_route=%2Fwp%2Fv2%2Ftags&post=688"}],"curies":[{"name":"wp","href":"https:\/\/api.w.org\/{rel}","templated":true}]}}