{"id":6,"date":"1934-08-11T04:43:00","date_gmt":"1934-08-11T04:43:00","guid":{"rendered":"https:\/\/denizkuregi.com\/?p=6"},"modified":"2024-07-28T15:40:00","modified_gmt":"2024-07-28T15:40:00","slug":"kurek-musabakalari","status":"publish","type":"post","link":"https:\/\/denizkuregi.com\/?p=6","title":{"rendered":"K\u00fcrek M\u00fcsabakalar\u0131"},"content":{"rendered":"\n<h2>Galatasaray K\u00fcrek\u00e7ileri D\u00fcnk\u00fc Yar\u0131\u015flarda \u00d6n Safta Geldiler<\/h2>\n\n\n\n<p>M\u0131nt\u0131ka Denizcilik Heyetinin tertip etti\u011fi k\u00fcrek yar\u0131\u015flar\u0131n\u0131n \u00fc\u00e7\u00fcnc\u00fcs\u00fc d\u00fcn Yenikap\u0131&#8217;da Sand\u0131k Burnu sahilinde yap\u0131ld\u0131. Sahil \u00e7ok kalabal\u0131kt\u0131, hayli lezzetli yap\u0131lan yar\u0131\u015flar\u0131 y\u00fczlerce ki\u015fi seyretti. <\/p>\n\n\n\n<p>Teknik neticeleri s\u0131ra ile yaz\u0131yoruz. <\/p>\n\n\n\n<p><strong>M\u00fcptediler \u00e7ifte: <\/strong>Birinci Galatasaray, \u0130kinci Fenerbah\u00e7e, \u00dc\u00e7\u00fcnc\u00fc Hali\u00e7<\/p>\n\n\n\n<p><strong>\u0130kinci \u00e7ifte dirsekli:<\/strong> Birinci Galatasaray, \u0130kinci Fenerbah\u00e7e, \u00dc\u00e7\u00fcnc\u00fc Beykoz<\/p>\n\n\n\n<p><strong>\u0130ki\u00e7ifte:<\/strong> Birinci Galatasaray, \u0130kinci Beykoz, \u00dc\u00e7\u00fcnc\u00fc Fenerbah\u00e7e<\/p>\n\n\n\n<p><strong>D\u00f6rtl\u00fck:<\/strong> Birinci Galatasaray, \u0130kinci Anadolu<\/p>\n\n\n\n<p><strong>\u00dc\u00e7 \u00c7ifte:<\/strong> Birinci Hali\u00e7, \u0130kinci Galatasaray<\/p>\n\n\n\n<p><strong>Kumsuz Tekler: <\/strong>Birinci Fenerbah\u00e7e, \u0130kinci Hali\u00e7, \u00dc\u00e7\u00fcnc\u00fc Galatasaray<\/p>\n\n\n\n<p><strong>\u0130ki \u00c7ifte Dirsekli: <\/strong>Birinci Fenerbah\u00e7e, \u0130kinci Galatasaray, \u00dc\u00e7\u00fcnc\u00fc Hali\u00e7 <\/p>\n\n\n\n<p><strong>\u0130ki \u00c7ifte:<\/strong> Birinci Galatasaray (Bu yar\u0131\u015fa ba\u015fka kul\u00fcp i\u015ftirak etmemi\u015ftir)<\/p>\n\n\n\n<p><strong>\u00dc\u00e7 \u00c7ifte:<\/strong> Birinci Hali\u00e7, \u0130kinci Galatasaray, \u00dc\u00e7\u00fcnc\u00fc Fenerbah\u00e7e <\/p>\n\n\n\n<p>Fenerbah\u00e7e&#8217;nin han\u0131mlar\u0131 Tek \u0130ki\u00e7ifte&#8217;de rakipsiz olarak birinci gelmi\u015flerdir.<\/p>\n\n\n\n<p><strong>Kumlular:<\/strong> Tek yar\u0131\u015fta birinci Fenerbah\u00e7e, \u0130kinci Galatasaray, \u00dc\u00e7\u00fcnc\u00fc Beykoz. <\/p>\n\n\n\n<p><strong>\u0130ki \u00c7ifte Dirsekli:<\/strong> Birinci Galatasaray, \u0130kinci Fenerbah\u00e7e, \u00dc\u00e7\u00fcnc\u00fc Beykoz.<\/p>\n\n\n\n<p><strong>\u0130ki \u00c7ifte: <\/strong>Birinci Galatasaray, \u0130kinci Beykoz, \u00dc\u00e7\u00fcnc\u00fc Fenerbah\u00e7e.<\/p>\n\n\n\n<p>D\u00fcnk\u00fc k\u00fcrek yar\u0131\u015flar\u0131, gen\u00e7lerimizin denizcili\u011fe fazla ra\u011fbet g\u00f6sterdi\u011fini isbat etmek noktas\u0131ndan da g\u00f6\u011fs\u00fcm\u00fcz\u00fc bir mahiyet arz etmi\u015ftir. <\/p>\n\n\n\n<p class=\"has-blue-color has-text-color\">(G\u00fcn\u00fcm\u00fcz T\u00fcrk\u00e7esi) Galatasaray K\u00fcrek\u00e7ileri D\u00fcnk\u00fc Yar\u0131\u015flarda \u00d6ne \u00c7\u0131kt\u0131lar<\/p>\n\n\n\n<p class=\"has-blue-color has-text-color\">B\u00f6lgesel Denizcilik Komitesi taraf\u0131ndan d\u00fczenlenen k\u00fcrek yar\u0131\u015flar\u0131n\u0131n \u00fc\u00e7\u00fcnc\u00fcs\u00fc d\u00fcn Yenikap\u0131&#8217;da, Sand\u0131k Burnu sahilinde ger\u00e7ekle\u015ftirildi. Sahil olduk\u00e7a kalabal\u0131kt\u0131 ve y\u00fczlerce ki\u015fi heyecanl\u0131 yar\u0131\u015flar\u0131 izledi.<\/p>\n\n\n\n<p class=\"has-blue-color has-text-color\">Teknik sonu\u00e7lar\u0131 s\u0131ras\u0131yla aktar\u0131yoruz.<\/p>\n\n\n\n<p class=\"has-blue-color has-text-color\">Gen\u00e7ler \u00c7iftesi: Birinci Galatasaray, \u0130kinci Fenerbah\u00e7e, \u00dc\u00e7\u00fcnc\u00fc Hali\u00e7<\/p>\n\n\n\n<p class=\"has-blue-color has-text-color\">\u0130ki \u00c7ifteler Dirsekli: Birinci Galatasaray, \u0130kinci Fenerbah\u00e7e, \u00dc\u00e7\u00fcnc\u00fc Beykoz<\/p>\n\n\n\n<p class=\"has-blue-color has-text-color\">\u0130ki \u00c7ifteler: Birinci Galatasaray, \u0130kinci Beykoz, \u00dc\u00e7\u00fcnc\u00fc Fenerbah\u00e7e<\/p>\n\n\n\n<p class=\"has-blue-color has-text-color\">D\u00f6rtl\u00fcler: Birinci Galatasaray, \u0130kinci Anadolu<\/p>\n\n\n\n<p class=\"has-blue-color has-text-color\">\u00dc\u00e7 \u00c7ifteler: Birinci Hali\u00e7, \u0130kinci Galatasaray<\/p>\n\n\n\n<p class=\"has-blue-color has-text-color\">Kumsuz Tekler: Birinci Fenerbah\u00e7e, \u0130kinci Hali\u00e7, \u00dc\u00e7\u00fcnc\u00fc Galatasaray<\/p>\n\n\n\n<p class=\"has-blue-color has-text-color\">\u0130ki \u00c7ifteler Dirsekli: Birinci Fenerbah\u00e7e, \u0130kinci Galatasaray, \u00dc\u00e7\u00fcnc\u00fc Hali\u00e7<\/p>\n\n\n\n<p class=\"has-blue-color has-text-color\">\u0130ki \u00c7ifteler: Birinci Galatasaray (Bu yar\u0131\u015fa ba\u015fka kul\u00fcp kat\u0131lmam\u0131\u015ft\u0131r)<\/p>\n\n\n\n<p class=\"has-blue-color has-text-color\">\u00dc\u00e7 \u00c7ifteler: Birinci Hali\u00e7, \u0130kinci Galatasaray, \u00dc\u00e7\u00fcnc\u00fc Fenerbah\u00e7e<\/p>\n\n\n\n<p class=\"has-blue-color has-text-color\">Fenerbah\u00e7e&#8217;nin kad\u0131n sporcular\u0131 Tek \u0130ki \u00c7iftelerde rakipsiz birinci oldu.<\/p>\n\n\n\n<p class=\"has-blue-color has-text-color\">Kumlu Tekler: Birinci Fenerbah\u00e7e, \u0130kinci Galatasaray, \u00dc\u00e7\u00fcnc\u00fc Beykoz.<\/p>\n\n\n\n<p class=\"has-blue-color has-text-color\">\u0130ki \u00c7ifteler Dirsekli: Birinci Galatasaray, \u0130kinci Fenerbah\u00e7e, \u00dc\u00e7\u00fcnc\u00fc Beykoz.<\/p>\n\n\n\n<p class=\"has-blue-color has-text-color\">\u0130ki \u00c7ifteler: Birinci Galatasaray, \u0130kinci Beykoz, \u00dc\u00e7\u00fcnc\u00fc Fenerbah\u00e7e.<\/p>\n\n\n\n<p class=\"has-blue-color has-text-color\">D\u00fcnk\u00fc k\u00fcrek yar\u0131\u015flar\u0131, gen\u00e7lerimizin denizcilik sporuna b\u00fcy\u00fck ilgi g\u00f6sterdi\u011fini kan\u0131tlar nitelikte ve bu durum bizleri gururland\u0131rm\u0131\u015ft\u0131r.<\/p>\n\n\n\n<figure class=\"wp-block-image size-large\"><img fetchpriority=\"high\" decoding=\"async\" width=\"713\" height=\"1024\" src=\"http:\/\/denizkuregi.com\/wp-content\/uploads\/1934\/08\/1934-08-11-6-1-713x1024.jpg\" alt=\"\" class=\"wp-image-9\" srcset=\"https:\/\/denizkuregi.com\/wp-content\/uploads\/1934\/08\/1934-08-11-6-1-713x1024.jpg 713w, https:\/\/denizkuregi.com\/wp-content\/uploads\/1934\/08\/1934-08-11-6-1-209x300.jpg 209w, https:\/\/denizkuregi.com\/wp-content\/uploads\/1934\/08\/1934-08-11-6-1-768x1103.jpg 768w, https:\/\/denizkuregi.com\/wp-content\/uploads\/1934\/08\/1934-08-11-6-1-1070x1536.jpg 1070w, https:\/\/denizkuregi.com\/wp-content\/uploads\/1934\/08\/1934-08-11-6-1-1426x2048.jpg 1426w, https:\/\/denizkuregi.com\/wp-content\/uploads\/1934\/08\/1934-08-11-6-1-scaled.jpg 1783w\" sizes=\"(max-width: 713px) 100vw, 713px\" \/><\/figure>\n\n\n\n<p><\/p>\n\n\n\n<p><\/p>\n","protected":false},"excerpt":{"rendered":"<p>Galatasaray K\u00fcrek\u00e7ileri D\u00fcnk\u00fc Yar\u0131\u015flarda \u00d6n Safta Geldiler<\/p>\n<p>M\u0131nt\u0131ka Denizcilik Heyetinin tertip etti\u011fi k\u00fcrek yar\u0131\u015flar\u0131n\u0131n \u00fc\u00e7\u00fcnc\u00fcs\u00fc d\u00fcn Yenikap\u0131&#8217;da Sand\u0131k Burnu sahilinde yap\u0131ld\u0131. Sahil \u00e7ok kalabal\u0131kt\u0131, hayli lezzetli yap\u0131lan yar\u0131\u015flar\u0131 y\u00fczlerce ki\u015fi seyretti. <a href=\"https:\/\/denizkuregi.com\/?p=6\">Okumaya devam et <span class=\"meta-nav\">&rarr;<\/span><\/a><\/p>\n","protected":false},"author":2,"featured_media":9,"comment_status":"open","ping_status":"open","sticky":false,"template":"","format":"standard","meta":[],"categories":[3],"tags":[22,14,21,7,23,20],"_links":{"self":[{"href":"https:\/\/denizkuregi.com\/index.php?rest_route=\/wp\/v2\/posts\/6"}],"collection":[{"href":"https:\/\/denizkuregi.com\/index.php?rest_route=\/wp\/v2\/posts"}],"about":[{"href":"https:\/\/denizkuregi.com\/index.php?rest_route=\/wp\/v2\/types\/post"}],"author":[{"embeddable":true,"href":"https:\/\/denizkuregi.com\/index.php?rest_route=\/wp\/v2\/users\/2"}],"replies":[{"embeddable":true,"href":"https:\/\/denizkuregi.com\/index.php?rest_route=%2Fwp%2Fv2%2Fcomments&post=6"}],"version-history":[{"count":13,"href":"https:\/\/denizkuregi.com\/index.php?rest_route=\/wp\/v2\/posts\/6\/revisions"}],"predecessor-version":[{"id":778,"href":"https:\/\/denizkuregi.com\/index.php?rest_route=\/wp\/v2\/posts\/6\/revisions\/778"}],"wp:featuredmedia":[{"embeddable":true,"href":"https:\/\/denizkuregi.com\/index.php?rest_route=\/wp\/v2\/media\/9"}],"wp:attachment":[{"href":"https:\/\/denizkuregi.com\/index.php?rest_route=%2Fwp%2Fv2%2Fmedia&parent=6"}],"wp:term":[{"taxonomy":"category","embeddable":true,"href":"https:\/\/denizkuregi.com\/index.php?rest_route=%2Fwp%2Fv2%2Fcategories&post=6"},{"taxonomy":"post_tag","embeddable":true,"href":"https:\/\/denizkuregi.com\/index.php?rest_route=%2Fwp%2Fv2%2Ftags&post=6"}],"curies":[{"name":"wp","href":"https:\/\/api.w.org\/{rel}","templated":true}]}}