{"id":558,"date":"1935-08-10T16:08:00","date_gmt":"1935-08-10T16:08:00","guid":{"rendered":"https:\/\/denizkuregi.com\/?p=558"},"modified":"2024-07-28T15:39:07","modified_gmt":"2024-07-28T15:39:07","slug":"moda-deniz-yarislari-cok-parlak-oldu","status":"publish","type":"post","link":"https:\/\/denizkuregi.com\/?p=558","title":{"rendered":"Moda Deniz Yar\u0131\u015flar\u0131 \u00c7ok Parlak Oldu"},"content":{"rendered":"\n<h2>B\u00fcy\u00fck \u015eefimiz Atat\u00fcrk, \u00f6\u011fleden sonra Ertu\u011frul Yat\u0131 ile yar\u0131\u015f yerini \u015fereflendirdiler<\/h2>\n\n\n\n<figure class=\"wp-block-image size-large\"><img fetchpriority=\"high\" decoding=\"async\" width=\"723\" height=\"1024\" src=\"https:\/\/denizkuregi.com\/wp-content\/uploads\/2023\/12\/1936-08-10-0-1-723x1024.jpg\" alt=\"\" class=\"wp-image-559\" srcset=\"https:\/\/denizkuregi.com\/wp-content\/uploads\/2023\/12\/1936-08-10-0-1-723x1024.jpg 723w, https:\/\/denizkuregi.com\/wp-content\/uploads\/2023\/12\/1936-08-10-0-1-212x300.jpg 212w, https:\/\/denizkuregi.com\/wp-content\/uploads\/2023\/12\/1936-08-10-0-1-768x1088.jpg 768w, https:\/\/denizkuregi.com\/wp-content\/uploads\/2023\/12\/1936-08-10-0-1-1084x1536.jpg 1084w, https:\/\/denizkuregi.com\/wp-content\/uploads\/2023\/12\/1936-08-10-0-1-1445x2048.jpg 1445w, https:\/\/denizkuregi.com\/wp-content\/uploads\/2023\/12\/1936-08-10-0-1-scaled.jpg 1807w\" sizes=\"(max-width: 723px) 100vw, 723px\" \/><\/figure>\n\n\n\n<figure class=\"wp-block-image size-large\"><img decoding=\"async\" width=\"715\" height=\"1024\" src=\"https:\/\/denizkuregi.com\/wp-content\/uploads\/2023\/12\/1936-08-10-2-715x1024.jpg\" alt=\"\" class=\"wp-image-560\" srcset=\"https:\/\/denizkuregi.com\/wp-content\/uploads\/2023\/12\/1936-08-10-2-715x1024.jpg 715w, https:\/\/denizkuregi.com\/wp-content\/uploads\/2023\/12\/1936-08-10-2-209x300.jpg 209w, https:\/\/denizkuregi.com\/wp-content\/uploads\/2023\/12\/1936-08-10-2-768x1100.jpg 768w, https:\/\/denizkuregi.com\/wp-content\/uploads\/2023\/12\/1936-08-10-2-1072x1536.jpg 1072w, https:\/\/denizkuregi.com\/wp-content\/uploads\/2023\/12\/1936-08-10-2-1430x2048.jpg 1430w, https:\/\/denizkuregi.com\/wp-content\/uploads\/2023\/12\/1936-08-10-2-scaled.jpg 1787w\" sizes=\"(max-width: 715px) 100vw, 715px\" \/><\/figure>\n","protected":false},"excerpt":{"rendered":"<p>B\u00fcy\u00fck \u015eefimiz Atat\u00fcrk, \u00f6\u011fleden sonra Ertu\u011frul Yat\u0131 ile yar\u0131\u015f yerini \u015fereflendirdiler<\/p>\n","protected":false},"author":8,"featured_media":0,"comment_status":"open","ping_status":"open","sticky":false,"template":"","format":"standard","meta":[],"categories":[35],"tags":[],"_links":{"self":[{"href":"https:\/\/denizkuregi.com\/index.php?rest_route=\/wp\/v2\/posts\/558"}],"collection":[{"href":"https:\/\/denizkuregi.com\/index.php?rest_route=\/wp\/v2\/posts"}],"about":[{"href":"https:\/\/denizkuregi.com\/index.php?rest_route=\/wp\/v2\/types\/post"}],"author":[{"embeddable":true,"href":"https:\/\/denizkuregi.com\/index.php?rest_route=\/wp\/v2\/users\/8"}],"replies":[{"embeddable":true,"href":"https:\/\/denizkuregi.com\/index.php?rest_route=%2Fwp%2Fv2%2Fcomments&post=558"}],"version-history":[{"count":2,"href":"https:\/\/denizkuregi.com\/index.php?rest_route=\/wp\/v2\/posts\/558\/revisions"}],"predecessor-version":[{"id":785,"href":"https:\/\/denizkuregi.com\/index.php?rest_route=\/wp\/v2\/posts\/558\/revisions\/785"}],"wp:attachment":[{"href":"https:\/\/denizkuregi.com\/index.php?rest_route=%2Fwp%2Fv2%2Fmedia&parent=558"}],"wp:term":[{"taxonomy":"category","embeddable":true,"href":"https:\/\/denizkuregi.com\/index.php?rest_route=%2Fwp%2Fv2%2Fcategories&post=558"},{"taxonomy":"post_tag","embeddable":true,"href":"https:\/\/denizkuregi.com\/index.php?rest_route=%2Fwp%2Fv2%2Ftags&post=558"}],"curies":[{"name":"wp","href":"https:\/\/api.w.org\/{rel}","templated":true}]}}