{"id":504,"date":"1939-08-07T13:59:00","date_gmt":"1939-08-07T13:59:00","guid":{"rendered":"https:\/\/denizkuregi.com\/?p=504"},"modified":"2024-07-22T09:48:32","modified_gmt":"2024-07-22T09:48:32","slug":"dunku-kurek-yarislari-cok-guzel-oldu","status":"publish","type":"post","link":"https:\/\/denizkuregi.com\/?p=504","title":{"rendered":"D\u00fcnk\u00fc k\u00fcrek yar\u0131\u015flar\u0131 \u00e7ok g\u00fczel oldu"},"content":{"rendered":"\n<h2>Yar\u0131\u015flara \u0130zmit k\u00fcrek\u00e7ileri de i\u015ftirak etti. Beykoz birincili\u011fi ald\u0131<\/h2>\n\n\n\n<figure class=\"wp-block-image size-large\"><img fetchpriority=\"high\" decoding=\"async\" width=\"735\" height=\"1024\" src=\"https:\/\/denizkuregi.com\/wp-content\/uploads\/2023\/12\/1939-08-07-6-735x1024.jpg\" alt=\"\" class=\"wp-image-505\" srcset=\"https:\/\/denizkuregi.com\/wp-content\/uploads\/2023\/12\/1939-08-07-6-735x1024.jpg 735w, https:\/\/denizkuregi.com\/wp-content\/uploads\/2023\/12\/1939-08-07-6-215x300.jpg 215w, https:\/\/denizkuregi.com\/wp-content\/uploads\/2023\/12\/1939-08-07-6-768x1070.jpg 768w, https:\/\/denizkuregi.com\/wp-content\/uploads\/2023\/12\/1939-08-07-6-1102x1536.jpg 1102w, https:\/\/denizkuregi.com\/wp-content\/uploads\/2023\/12\/1939-08-07-6-1470x2048.jpg 1470w, https:\/\/denizkuregi.com\/wp-content\/uploads\/2023\/12\/1939-08-07-6-scaled.jpg 1837w\" sizes=\"(max-width: 735px) 100vw, 735px\" \/><\/figure>\n\n\n\n<figure class=\"wp-block-image size-large\"><img decoding=\"async\" width=\"735\" height=\"1024\" src=\"https:\/\/denizkuregi.com\/wp-content\/uploads\/2023\/12\/1939-08-07-0-735x1024.jpg\" alt=\"\" class=\"wp-image-506\" srcset=\"https:\/\/denizkuregi.com\/wp-content\/uploads\/2023\/12\/1939-08-07-0-735x1024.jpg 735w, https:\/\/denizkuregi.com\/wp-content\/uploads\/2023\/12\/1939-08-07-0-215x300.jpg 215w, https:\/\/denizkuregi.com\/wp-content\/uploads\/2023\/12\/1939-08-07-0-768x1070.jpg 768w, https:\/\/denizkuregi.com\/wp-content\/uploads\/2023\/12\/1939-08-07-0-1102x1536.jpg 1102w, https:\/\/denizkuregi.com\/wp-content\/uploads\/2023\/12\/1939-08-07-0-1470x2048.jpg 1470w, https:\/\/denizkuregi.com\/wp-content\/uploads\/2023\/12\/1939-08-07-0-scaled.jpg 1837w\" sizes=\"(max-width: 735px) 100vw, 735px\" \/><\/figure>\n","protected":false},"excerpt":{"rendered":"<p>Yar\u0131\u015flara \u0130zmit k\u00fcrek\u00e7ileri de i\u015ftirak etti. Beykoz birincili\u011fi ald\u0131<\/p>\n","protected":false},"author":2,"featured_media":0,"comment_status":"open","ping_status":"open","sticky":false,"template":"","format":"standard","meta":[],"categories":[3],"tags":[],"_links":{"self":[{"href":"https:\/\/denizkuregi.com\/index.php?rest_route=\/wp\/v2\/posts\/504"}],"collection":[{"href":"https:\/\/denizkuregi.com\/index.php?rest_route=\/wp\/v2\/posts"}],"about":[{"href":"https:\/\/denizkuregi.com\/index.php?rest_route=\/wp\/v2\/types\/post"}],"author":[{"embeddable":true,"href":"https:\/\/denizkuregi.com\/index.php?rest_route=\/wp\/v2\/users\/2"}],"replies":[{"embeddable":true,"href":"https:\/\/denizkuregi.com\/index.php?rest_route=%2Fwp%2Fv2%2Fcomments&post=504"}],"version-history":[{"count":1,"href":"https:\/\/denizkuregi.com\/index.php?rest_route=\/wp\/v2\/posts\/504\/revisions"}],"predecessor-version":[{"id":507,"href":"https:\/\/denizkuregi.com\/index.php?rest_route=\/wp\/v2\/posts\/504\/revisions\/507"}],"wp:attachment":[{"href":"https:\/\/denizkuregi.com\/index.php?rest_route=%2Fwp%2Fv2%2Fmedia&parent=504"}],"wp:term":[{"taxonomy":"category","embeddable":true,"href":"https:\/\/denizkuregi.com\/index.php?rest_route=%2Fwp%2Fv2%2Fcategories&post=504"},{"taxonomy":"post_tag","embeddable":true,"href":"https:\/\/denizkuregi.com\/index.php?rest_route=%2Fwp%2Fv2%2Ftags&post=504"}],"curies":[{"name":"wp","href":"https:\/\/api.w.org\/{rel}","templated":true}]}}