{"id":42,"date":"1929-09-28T09:40:00","date_gmt":"1929-09-28T09:40:00","guid":{"rendered":"https:\/\/denizkuregi.com\/?p=42"},"modified":"2024-07-22T04:31:27","modified_gmt":"2024-07-22T04:31:27","slug":"dunku-kayik-yarislarinda","status":"publish","type":"post","link":"https:\/\/denizkuregi.com\/?p=42","title":{"rendered":"D\u00fcnk\u00fc Kay\u0131k Yar\u0131\u015flar\u0131nda"},"content":{"rendered":"\n<h2>Galatasaray \u0130stanbul Birincili\u011fi \u00dcnvan\u0131n\u0131 Muhafaza Etti<\/h2>\n\n\n\n<h2>Beykoz ikinci, Alt\u0131nordu \u00fc\u00e7\u00fcnc\u00fc.<\/h2>\n\n\n\n<p>\u0130stanbul M\u0131nt\u0131kas\u0131 Denizcilik Heyeti Taraf\u0131ndan tertip edilen k\u00fcrek birincili\u011fi m\u00fcsabakalar\u0131 d\u00fcn Beykoz \u00f6n\u00fcndeki yar\u0131\u015f sahas\u0131nda yap\u0131ld\u0131.<\/p>\n\n\n\n<p>Hava kapal\u0131 ve r\u00fczgarl\u0131yd\u0131. Fakat buna ra\u011fmen sahan\u0131n kenar\u0131ndaki \u00fc\u00e7 \u015firket vapuru, istimbot, mot\u00f6r ve sandallarla sahil birka\u00e7 bin yar\u0131\u015f seyircisi ile dolu idi. <\/p>\n\n\n\n<p>Ba\u015fvekil \u0130smet Pa\u015fa Hz. de bir \u00e7atana ile yar\u0131\u015f\u0131 te\u015frif etmi\u015flerdi. Beraberinde \u0130stanbul Meb&#8217;uslar\u0131ndan Yusuf Ak\u00e7ora, Hamdi, Tevfik Kamil Ziya ve H\u00fcseyin Beylerle Ali \u0130hsan ve Hakk\u0131 \u015einasi Pa\u015falar bulunuyordu. <\/p>\n\n\n\n<p>Ba\u015fvekil Hz. yar\u0131\u015f\u0131 ba\u015f\u0131ndandan sonuna kadar b\u00fcy\u00fck bir alaka ile takip ettler ve yar\u0131\u015fta derece alan gen\u00e7lere derece flamalar\u0131n\u0131 bizzat elleriyle vermek suretiyle denizcilere iltifat ettiler. <\/p>\n\n\n\n<p>Yar\u0131\u015flar havan\u0131n r\u00fczgarl\u0131 olmas\u0131na ra\u011fmen \u00e7ok g\u00fczel ve muntazam oldu. M\u00fcptediler aras\u0131ndaki yar\u0131\u015flarda Beykoz (5) puana kar\u015f\u0131 (13) say\u0131 ile Galatasaray&#8217;a tefevvuk etmi\u015fti. Fakat kul\u00fcbe as\u0131l \u0130stanbul K\u00fcrek \u015eampiyonu \u00fcnvan\u0131n\u0131 kazand\u0131ran K\u0131demli K\u00fcrek\u00e7iler aras\u0131ndaki d\u00f6rt yar\u0131\u015f\u0131n d\u00f6rd\u00fcn\u00fc de Galatasaray kazanarak \u0130stanbul \u015eampiyonlu\u011funu muhafaza etti. Galatasaray (20) puan alm\u0131\u015ft\u0131. Buna mukabil Beykoz (12) puanla ikinci kald\u0131. Alt\u0131nordu (3) Puanla \u00fc\u00e7\u00fcnc\u00fc oldu. Yar\u0131\u015flara i\u015ftirak eden di\u011fer kul\u00fcp Beylerbeyi d\u00f6rd\u00fcnc\u00fc oldu. <\/p>\n\n\n\n<p>Galatasaray&#8217;\u0131 tebrik ederiz. <\/p>\n\n\n\n<p>M\u00fcsabakalar\u0131n tafsilat\u0131na gelince;<\/p>\n\n\n\n<p>Yar\u0131\u015flara saat onbir&#8217;de bir \u00e7ifte m\u00fcptediler aras\u0131ndaki m\u00fcsabakalar ile ba\u015fland\u0131. Ve bunu iki\u00e7ifte m\u00fcptedilerin yar\u0131\u015f\u0131 takip etti. Bu iki yar\u0131\u015f\u0131n birincili\u011fini Galatasaray kazand\u0131. Fakat k\u00fcrek\u00e7ilerden birinin \u0130ran tebaas\u0131ndan olmas\u0131 Galatasaray&#8217;\u0131n birinciliklerini h\u00fck\u00fcms\u00fcz b\u0131rakt\u0131. <\/p>\n\n\n\n<p>Beykoz her iki yar\u0131\u015fta da birinci oldu. Beylerbeyi ve Alt\u0131nordu ikinci ve \u00fc\u00e7\u00fcnc\u00fc addedildiler. <\/p>\n\n\n\n<p>Bir \u00e7ifte han\u0131mlar aras\u0131ndaki yar\u0131\u015f\u0131 Beykoz kazand\u0131, Alt\u0131nordu ikinci, Galatasaray \u00fc\u00e7\u00fcnc\u00fc.<\/p>\n\n\n\n<p>\u00dc\u00e7 \u00e7ifte m\u00fcptediler aras\u0131ndaki m\u00fcsabakada Galatasaray birincidir. Beykoz ikinci, Alt\u0131nordu \u00fc\u00e7\u00fcnc\u00fc Beylerbeyi d\u00f6rd\u00fcnc\u00fc.<\/p>\n\n\n\n<p>G\u00fcn\u00fcn ilk b\u00fcy\u00fck ve alaka uyand\u0131ran m\u00fcsabakas\u0131 bir \u00e7ifte k\u0131demliler aras\u0131nda ge\u00e7ti. <\/p>\n\n\n\n<p>Galatasaray birinci, Beykoz ikinci, Alt\u0131nordu \u00fc\u00e7\u00fcnc\u00fc. <\/p>\n\n\n\n<p>\u0130kinci m\u00fchim m\u00fcsabaka iki\u00e7ifte k\u0131demlide ayn\u0131 neticeyi verdi. <\/p>\n\n\n\n<p>\u00dc\u00e7 \u00e7ifte han\u0131mlar m\u00fcsabakas\u0131na yaln\u0131z Alt\u0131nordu \u00fc\u00e7\u00e7iftesi girdi ve birincilik flamas\u0131n\u0131 ald\u0131. <\/p>\n\n\n\n<p>\u0130ki\u00e7ifte k\u0131demli dirsekliye yaln\u0131z Galatasaray ile Beykoz i\u015ftirak etti. Netice Birinci Galatasaray, ikinci Beykoz.<\/p>\n\n\n\n<p>\u0130ki\u00e7ifte han\u0131mlar yar\u0131\u015f\u0131 g\u00fcn\u00fcn en heyecanl\u0131 ve en zevkli m\u00fcsabakas\u0131 oldu. Bunda Beykoz birincidir. \u0130kinci Alt\u0131nordu. \u00dc\u00e7\u00fcnc\u00fc Galatasaray.<\/p>\n\n\n\n<p>K\u0131demli \u00fc\u00e7 \u00e7ifteler aras\u0131ndaki m\u00fcsabaka program\u0131n en son yar\u0131\u015f\u0131 idi. <\/p>\n\n\n\n<p>Bunda da Galatasaray birinci, Beykoz ikinci, Alt\u0131nordu \u00fc\u00e7\u00fcnc\u00fc. <\/p>\n\n\n\n<p>M\u00fcsabakalara g\u00fczel bir ge\u00e7it resmi ile nihayet verildi. <\/p>\n\n\n\n<figure class=\"wp-block-image size-large\"><img fetchpriority=\"high\" decoding=\"async\" width=\"712\" height=\"1024\" src=\"https:\/\/denizkuregi.com\/wp-content\/uploads\/2023\/11\/28-Eylul-1929-Tarihli-Vakit-Gazetesi-Sayfa-1-712x1024.jpg\" alt=\"\" class=\"wp-image-50\" srcset=\"https:\/\/denizkuregi.com\/wp-content\/uploads\/2023\/11\/28-Eylul-1929-Tarihli-Vakit-Gazetesi-Sayfa-1-712x1024.jpg 712w, https:\/\/denizkuregi.com\/wp-content\/uploads\/2023\/11\/28-Eylul-1929-Tarihli-Vakit-Gazetesi-Sayfa-1-208x300.jpg 208w, https:\/\/denizkuregi.com\/wp-content\/uploads\/2023\/11\/28-Eylul-1929-Tarihli-Vakit-Gazetesi-Sayfa-1-768x1105.jpg 768w, https:\/\/denizkuregi.com\/wp-content\/uploads\/2023\/11\/28-Eylul-1929-Tarihli-Vakit-Gazetesi-Sayfa-1-1067x1536.jpg 1067w, https:\/\/denizkuregi.com\/wp-content\/uploads\/2023\/11\/28-Eylul-1929-Tarihli-Vakit-Gazetesi-Sayfa-1-1423x2048.jpg 1423w, https:\/\/denizkuregi.com\/wp-content\/uploads\/2023\/11\/28-Eylul-1929-Tarihli-Vakit-Gazetesi-Sayfa-1-scaled.jpg 1779w\" sizes=\"(max-width: 712px) 100vw, 712px\" \/><\/figure>\n\n\n\n<figure class=\"wp-block-image size-large\"><img decoding=\"async\" width=\"722\" height=\"1024\" src=\"https:\/\/denizkuregi.com\/wp-content\/uploads\/2023\/11\/28-Eylul-1929-Tarihli-Vakit-Gazetesi-Sayfa-2-722x1024.jpg\" alt=\"\" class=\"wp-image-51\" srcset=\"https:\/\/denizkuregi.com\/wp-content\/uploads\/2023\/11\/28-Eylul-1929-Tarihli-Vakit-Gazetesi-Sayfa-2-722x1024.jpg 722w, https:\/\/denizkuregi.com\/wp-content\/uploads\/2023\/11\/28-Eylul-1929-Tarihli-Vakit-Gazetesi-Sayfa-2-212x300.jpg 212w, https:\/\/denizkuregi.com\/wp-content\/uploads\/2023\/11\/28-Eylul-1929-Tarihli-Vakit-Gazetesi-Sayfa-2-768x1089.jpg 768w, https:\/\/denizkuregi.com\/wp-content\/uploads\/2023\/11\/28-Eylul-1929-Tarihli-Vakit-Gazetesi-Sayfa-2-1084x1536.jpg 1084w, https:\/\/denizkuregi.com\/wp-content\/uploads\/2023\/11\/28-Eylul-1929-Tarihli-Vakit-Gazetesi-Sayfa-2-1445x2048.jpg 1445w, https:\/\/denizkuregi.com\/wp-content\/uploads\/2023\/11\/28-Eylul-1929-Tarihli-Vakit-Gazetesi-Sayfa-2-scaled.jpg 1806w\" sizes=\"(max-width: 722px) 100vw, 722px\" \/><\/figure>\n","protected":false},"excerpt":{"rendered":"<p>Galatasaray \u0130stanbul Birincili\u011fi \u00dcnvan\u0131n\u0131 Muhafaza Etti Beykoz ikinci, Alt\u0131nordu \u00fc\u00e7\u00fcnc\u00fc. \u0130stanbul M\u0131nt\u0131kas\u0131 Denizcilik Heyeti Taraf\u0131ndan tertip edilen k\u00fcrek birincili\u011fi m\u00fcsabakalar\u0131 d\u00fcn Beykoz \u00f6n\u00fcndeki yar\u0131\u015f sahas\u0131nda yap\u0131ld\u0131. Hava kapal\u0131 ve r\u00fczgarl\u0131yd\u0131. Fakat buna ra\u011fmen sahan\u0131n kenar\u0131ndaki \u00fc\u00e7 \u015firket vapuru, istimbot, mot\u00f6r &hellip; <a href=\"https:\/\/denizkuregi.com\/?p=42\">Okumaya devam et <span class=\"meta-nav\">&rarr;<\/span><\/a><\/p>\n","protected":false},"author":5,"featured_media":0,"comment_status":"open","ping_status":"open","sticky":false,"template":"","format":"standard","meta":[],"categories":[13],"tags":[15,14,16,7,17],"_links":{"self":[{"href":"https:\/\/denizkuregi.com\/index.php?rest_route=\/wp\/v2\/posts\/42"}],"collection":[{"href":"https:\/\/denizkuregi.com\/index.php?rest_route=\/wp\/v2\/posts"}],"about":[{"href":"https:\/\/denizkuregi.com\/index.php?rest_route=\/wp\/v2\/types\/post"}],"author":[{"embeddable":true,"href":"https:\/\/denizkuregi.com\/index.php?rest_route=\/wp\/v2\/users\/5"}],"replies":[{"embeddable":true,"href":"https:\/\/denizkuregi.com\/index.php?rest_route=%2Fwp%2Fv2%2Fcomments&post=42"}],"version-history":[{"count":5,"href":"https:\/\/denizkuregi.com\/index.php?rest_route=\/wp\/v2\/posts\/42\/revisions"}],"predecessor-version":[{"id":52,"href":"https:\/\/denizkuregi.com\/index.php?rest_route=\/wp\/v2\/posts\/42\/revisions\/52"}],"wp:attachment":[{"href":"https:\/\/denizkuregi.com\/index.php?rest_route=%2Fwp%2Fv2%2Fmedia&parent=42"}],"wp:term":[{"taxonomy":"category","embeddable":true,"href":"https:\/\/denizkuregi.com\/index.php?rest_route=%2Fwp%2Fv2%2Fcategories&post=42"},{"taxonomy":"post_tag","embeddable":true,"href":"https:\/\/denizkuregi.com\/index.php?rest_route=%2Fwp%2Fv2%2Ftags&post=42"}],"curies":[{"name":"wp","href":"https:\/\/api.w.org\/{rel}","templated":true}]}}