{"id":37,"date":"1929-10-12T09:30:00","date_gmt":"1929-10-12T09:30:00","guid":{"rendered":"https:\/\/denizkuregi.com\/?p=37"},"modified":"2024-07-22T04:31:37","modified_gmt":"2024-07-22T04:31:37","slug":"galatasaray-denizcileri-fita-ile-bandirmaya-gidiyorlar","status":"publish","type":"post","link":"https:\/\/denizkuregi.com\/?p=37","title":{"rendered":"Galatasaray Denizcileri F\u0131ta ile Band\u0131rma&#8217;ya Gidiyorlar"},"content":{"rendered":"\n<p>Galatasaray Denizcileri bir ka\u00e7 g\u00fcne kadar m\u00fchim bir deniz yolculu\u011fu yapacaklar. Bir ka\u00e7 sene evvel \u0130zmit&#8217;e kadar uzanan Galataray Denizcileri azimkar kaptanlar\u0131 Mecdi Bey&#8217;in idaresinde Bebek &#8211; Band\u0131rma yolunu \u00dc\u00e7 \u00c7ifte iki f\u0131ta ile katedecekler Band\u0131rma Deniz Kul\u00fcb\u00fc&#8217;n\u00fcn misafiri olacaklard\u0131r. <\/p>\n\n\n\n<p>Bu uzun yolu 14 Saatte katedeceklerini umut eden Galatasaray&#8217;l\u0131lar bu m\u00fc\u015fkil i\u015ften muzaffer \u00e7\u0131karlarsa Marmara&#8217;n\u0131n en bahtiyar ve \u015ferekli k\u00fcrek\u00e7ileri olarak kalacaklard\u0131r. &#8211; \u00d6. Besim<\/p>\n\n\n\n<figure class=\"wp-block-image size-large\"><img fetchpriority=\"high\" decoding=\"async\" width=\"683\" height=\"1024\" src=\"https:\/\/denizkuregi.com\/wp-content\/uploads\/2023\/11\/12-Ekim-1929-Tarihli-Aksam-Gazetesi-Sayfa-5-683x1024.jpg\" alt=\"\" class=\"wp-image-39\" srcset=\"https:\/\/denizkuregi.com\/wp-content\/uploads\/2023\/11\/12-Ekim-1929-Tarihli-Aksam-Gazetesi-Sayfa-5-683x1024.jpg 683w, https:\/\/denizkuregi.com\/wp-content\/uploads\/2023\/11\/12-Ekim-1929-Tarihli-Aksam-Gazetesi-Sayfa-5-200x300.jpg 200w, https:\/\/denizkuregi.com\/wp-content\/uploads\/2023\/11\/12-Ekim-1929-Tarihli-Aksam-Gazetesi-Sayfa-5-768x1152.jpg 768w, https:\/\/denizkuregi.com\/wp-content\/uploads\/2023\/11\/12-Ekim-1929-Tarihli-Aksam-Gazetesi-Sayfa-5-1024x1536.jpg 1024w, https:\/\/denizkuregi.com\/wp-content\/uploads\/2023\/11\/12-Ekim-1929-Tarihli-Aksam-Gazetesi-Sayfa-5-1365x2048.jpg 1365w, https:\/\/denizkuregi.com\/wp-content\/uploads\/2023\/11\/12-Ekim-1929-Tarihli-Aksam-Gazetesi-Sayfa-5-scaled.jpg 1707w\" sizes=\"(max-width: 683px) 100vw, 683px\" \/><\/figure>\n","protected":false},"excerpt":{"rendered":"<p>Galatasaray Denizcileri bir ka\u00e7 g\u00fcne kadar m\u00fchim bir deniz yolculu\u011fu yapacaklar. Bir ka\u00e7 sene evvel \u0130zmit&#8217;e kadar uzanan Galataray Denizcileri azimkar kaptanlar\u0131 Mecdi Bey&#8217;in idaresinde Bebek &#8211; Band\u0131rma yolunu \u00dc\u00e7 \u00c7ifte iki f\u0131ta ile katedecekler Band\u0131rma Deniz Kul\u00fcb\u00fc&#8217;n\u00fcn misafiri olacaklard\u0131r. &hellip; <a href=\"https:\/\/denizkuregi.com\/?p=37\">Okumaya devam et <span class=\"meta-nav\">&rarr;<\/span><\/a><\/p>\n","protected":false},"author":4,"featured_media":0,"comment_status":"open","ping_status":"open","sticky":false,"template":"","format":"standard","meta":[],"categories":[12],"tags":[10,8,11,7,9],"_links":{"self":[{"href":"https:\/\/denizkuregi.com\/index.php?rest_route=\/wp\/v2\/posts\/37"}],"collection":[{"href":"https:\/\/denizkuregi.com\/index.php?rest_route=\/wp\/v2\/posts"}],"about":[{"href":"https:\/\/denizkuregi.com\/index.php?rest_route=\/wp\/v2\/types\/post"}],"author":[{"embeddable":true,"href":"https:\/\/denizkuregi.com\/index.php?rest_route=\/wp\/v2\/users\/4"}],"replies":[{"embeddable":true,"href":"https:\/\/denizkuregi.com\/index.php?rest_route=%2Fwp%2Fv2%2Fcomments&post=37"}],"version-history":[{"count":3,"href":"https:\/\/denizkuregi.com\/index.php?rest_route=\/wp\/v2\/posts\/37\/revisions"}],"predecessor-version":[{"id":744,"href":"https:\/\/denizkuregi.com\/index.php?rest_route=\/wp\/v2\/posts\/37\/revisions\/744"}],"wp:attachment":[{"href":"https:\/\/denizkuregi.com\/index.php?rest_route=%2Fwp%2Fv2%2Fmedia&parent=37"}],"wp:term":[{"taxonomy":"category","embeddable":true,"href":"https:\/\/denizkuregi.com\/index.php?rest_route=%2Fwp%2Fv2%2Fcategories&post=37"},{"taxonomy":"post_tag","embeddable":true,"href":"https:\/\/denizkuregi.com\/index.php?rest_route=%2Fwp%2Fv2%2Ftags&post=37"}],"curies":[{"name":"wp","href":"https:\/\/api.w.org\/{rel}","templated":true}]}}