{"id":32,"date":"1940-05-04T08:57:00","date_gmt":"1940-05-04T08:57:00","guid":{"rendered":"https:\/\/denizkuregi.com\/?p=32"},"modified":"2024-07-22T09:47:40","modified_gmt":"2024-07-22T09:47:40","slug":"galatasaray-kulubu-bir-kurekcilik-antrenoru-getirdi","status":"publish","type":"post","link":"https:\/\/denizkuregi.com\/?p=32","title":{"rendered":"Galatasaray Kul\u00fcb\u00fc bir K\u00fcrek\u00e7ilik Antren\u00f6r\u00fc Getirdi"},"content":{"rendered":"\n<p>(Orjinal Metin) Denizcilik faaliyetini tevzi etmeye karar vermi\u015f olan Galatasaray kul\u00fcb\u00fcm\u00fcz Macaristan&#8217;dan k\u0131ymetli bir k\u00fcrek antren\u00f6r\u00fc getirmi\u015ftir. Memleketimizde \u015fimdiye kadar futalarla yap\u0131lm\u0131\u015f olan bu spor bundan b\u00f6yle skif&#8217;lerle yap\u0131lacak ve Galatasarayl\u0131lar yeni teknelerde \u00e7al\u0131\u015fmaya bir antren\u00f6r nezaretinde esasl\u0131 bir \u015fekilde ba\u015flayacaklard\u0131r. <\/p>\n\n\n\n<p>Galatasaray\u0131n yeni k\u00fcrek antren\u00f6r\u00fcn\u00fcn ismi Pol Bodon&#8217;dur. Kendisi Macaristan&#8217;da uzun m\u00fcddet me\u015fhur bir k\u00fcrek\u00e7i olarak m\u00fcsabakalar yapm\u0131\u015f, sonra da Macar Milli Tak\u0131m\u0131n\u0131 \u00e7al\u0131\u015ft\u0131rm\u0131\u015ft\u0131r. Bug\u00fcn Avrupa&#8217;n\u0131n en tan\u0131nm\u0131\u015f k\u00fcrek m\u00fcteass\u0131slar\u0131ndand\u0131r. <\/p>\n\n\n\n<p>Her sporda \u00f6n ayak olan Galatasaray&#8217;\u0131 yine ilk olarak memleketimize b\u00fcy\u00fck fedakarl\u0131klarla b\u00f6yle bir antren\u00f6r getirtdi\u011fi i\u00e7in tebrik etmeyi vazife addederiz. <\/p>\n\n\n\n<p class=\"has-text-color\" style=\"color:#1300cc\">(G\u00fcn\u00fcm\u00fcz T\u00fcrk\u00e7esi) Galatasaray kul\u00fcb\u00fcm\u00fcz, denizcilik faaliyetlerini geni\u015fletmeye karar verdi ve Macaristan&#8217;dan de\u011ferli bir k\u00fcrek antren\u00f6r\u00fc getirdi. \u00dclkemizde \u015fu ana kadar futalarla yap\u0131lan bu spor, bundan sonra skiflerle yap\u0131lacak ve Galatasarayl\u0131lar, bir antren\u00f6r g\u00f6zetiminde yeni teknelerde ciddi bir \u015fekilde \u00e7al\u0131\u015fmalara ba\u015flayacaklard\u0131r.<\/p>\n\n\n\n<p class=\"has-text-color\" style=\"color:#1300cc\"><br>Galatasaray&#8217;\u0131n yeni k\u00fcrek antren\u00f6r\u00fcn\u00fcn ad\u0131 Pol Bodon&#8217;dur. O, Macaristan&#8217;da uzun s\u00fcre \u00fcnl\u00fc bir k\u00fcrek\u00e7i olarak yar\u0131\u015fmalarda bulunmu\u015f ve daha sonra Macar Milli Tak\u0131m\u0131&#8217;n\u0131 \u00e7al\u0131\u015ft\u0131rm\u0131\u015ft\u0131r. Bug\u00fcn Avrupa&#8217;n\u0131n en tan\u0131nm\u0131\u015f k\u00fcrek uzmanlar\u0131ndan biridir.<\/p>\n\n\n\n<p class=\"has-text-color\" style=\"color:#1300cc\">Her spor dal\u0131nda \u00f6nc\u00fc olan Galatasaray&#8217;\u0131, \u00fclkemize b\u00fcy\u00fck fedak\u00e2rl\u0131klarla b\u00f6yle bir antren\u00f6r getirdi\u011fi i\u00e7in tebrik etmeyi g\u00f6rev biliriz.<\/p>\n\n\n\n<p><\/p>\n\n\n\n<p> <\/p>\n\n\n\n<figure class=\"wp-block-image size-large\"><img fetchpriority=\"high\" decoding=\"async\" width=\"767\" height=\"1024\" src=\"https:\/\/denizkuregi.com\/wp-content\/uploads\/2023\/11\/1940-05-04-5-767x1024.jpg\" alt=\"\" class=\"wp-image-33\" srcset=\"https:\/\/denizkuregi.com\/wp-content\/uploads\/2023\/11\/1940-05-04-5-767x1024.jpg 767w, https:\/\/denizkuregi.com\/wp-content\/uploads\/2023\/11\/1940-05-04-5-225x300.jpg 225w, https:\/\/denizkuregi.com\/wp-content\/uploads\/2023\/11\/1940-05-04-5-768x1025.jpg 768w, https:\/\/denizkuregi.com\/wp-content\/uploads\/2023\/11\/1940-05-04-5-1151x1536.jpg 1151w, https:\/\/denizkuregi.com\/wp-content\/uploads\/2023\/11\/1940-05-04-5-1535x2048.jpg 1535w, https:\/\/denizkuregi.com\/wp-content\/uploads\/2023\/11\/1940-05-04-5-scaled.jpg 1918w\" sizes=\"(max-width: 767px) 100vw, 767px\" \/><\/figure>\n","protected":false},"excerpt":{"rendered":"<p>(Orjinal Metin) Denizcilik faaliyetini tevzi etmeye karar vermi\u015f olan Galatasaray kul\u00fcb\u00fcm\u00fcz Macaristan&#8217;dan k\u0131ymetli bir k\u00fcrek antren\u00f6r\u00fc getirmi\u015ftir. Memleketimizde \u015fimdiye kadar futalarla yap\u0131lm\u0131\u015f olan bu spor bundan b\u00f6yle skif&#8217;lerle yap\u0131lacak ve Galatasarayl\u0131lar yeni teknelerde \u00e7al\u0131\u015fmaya bir antren\u00f6r nezaretinde esasl\u0131 bir \u015fekilde &hellip; <a href=\"https:\/\/denizkuregi.com\/?p=32\">Okumaya devam et <span class=\"meta-nav\">&rarr;<\/span><\/a><\/p>\n","protected":false},"author":3,"featured_media":33,"comment_status":"open","ping_status":"open","sticky":false,"template":"","format":"standard","meta":[],"categories":[6],"tags":[7,18,19],"_links":{"self":[{"href":"https:\/\/denizkuregi.com\/index.php?rest_route=\/wp\/v2\/posts\/32"}],"collection":[{"href":"https:\/\/denizkuregi.com\/index.php?rest_route=\/wp\/v2\/posts"}],"about":[{"href":"https:\/\/denizkuregi.com\/index.php?rest_route=\/wp\/v2\/types\/post"}],"author":[{"embeddable":true,"href":"https:\/\/denizkuregi.com\/index.php?rest_route=\/wp\/v2\/users\/3"}],"replies":[{"embeddable":true,"href":"https:\/\/denizkuregi.com\/index.php?rest_route=%2Fwp%2Fv2%2Fcomments&post=32"}],"version-history":[{"count":4,"href":"https:\/\/denizkuregi.com\/index.php?rest_route=\/wp\/v2\/posts\/32\/revisions"}],"predecessor-version":[{"id":74,"href":"https:\/\/denizkuregi.com\/index.php?rest_route=\/wp\/v2\/posts\/32\/revisions\/74"}],"wp:featuredmedia":[{"embeddable":true,"href":"https:\/\/denizkuregi.com\/index.php?rest_route=\/wp\/v2\/media\/33"}],"wp:attachment":[{"href":"https:\/\/denizkuregi.com\/index.php?rest_route=%2Fwp%2Fv2%2Fmedia&parent=32"}],"wp:term":[{"taxonomy":"category","embeddable":true,"href":"https:\/\/denizkuregi.com\/index.php?rest_route=%2Fwp%2Fv2%2Fcategories&post=32"},{"taxonomy":"post_tag","embeddable":true,"href":"https:\/\/denizkuregi.com\/index.php?rest_route=%2Fwp%2Fv2%2Ftags&post=32"}],"curies":[{"name":"wp","href":"https:\/\/api.w.org\/{rel}","templated":true}]}}