{"id":258,"date":"1939-08-21T16:43:00","date_gmt":"1939-08-21T16:43:00","guid":{"rendered":"https:\/\/denizkuregi.com\/?p=258"},"modified":"2024-07-22T09:48:00","modified_gmt":"2024-07-22T09:48:00","slug":"kurek-birincilikleri-dun-yapildi","status":"publish","type":"post","link":"https:\/\/denizkuregi.com\/?p=258","title":{"rendered":"K\u00fcrek birincilikleri d\u00fcn yap\u0131ld\u0131"},"content":{"rendered":"\n<h2>Birinci G\u00fcne\u015f, ikinci Beykoz, \u00fc\u00e7\u00fcnc\u00fc de Galatasaray oldu<\/h2>\n\n\n\n<figure class=\"wp-block-image size-large\"><img fetchpriority=\"high\" decoding=\"async\" width=\"674\" height=\"1024\" src=\"https:\/\/denizkuregi.com\/wp-content\/uploads\/2023\/12\/1939-08-21-8-674x1024.jpg\" alt=\"\" class=\"wp-image-259\" srcset=\"https:\/\/denizkuregi.com\/wp-content\/uploads\/2023\/12\/1939-08-21-8-674x1024.jpg 674w, https:\/\/denizkuregi.com\/wp-content\/uploads\/2023\/12\/1939-08-21-8-197x300.jpg 197w, https:\/\/denizkuregi.com\/wp-content\/uploads\/2023\/12\/1939-08-21-8-768x1167.jpg 768w, https:\/\/denizkuregi.com\/wp-content\/uploads\/2023\/12\/1939-08-21-8-1011x1536.jpg 1011w, https:\/\/denizkuregi.com\/wp-content\/uploads\/2023\/12\/1939-08-21-8-1348x2048.jpg 1348w, https:\/\/denizkuregi.com\/wp-content\/uploads\/2023\/12\/1939-08-21-8-scaled.jpg 1685w\" sizes=\"(max-width: 674px) 100vw, 674px\" \/><\/figure>\n\n\n\n<figure class=\"wp-block-image size-large\"><img decoding=\"async\" width=\"687\" height=\"1024\" src=\"https:\/\/denizkuregi.com\/wp-content\/uploads\/2023\/12\/1939-08-21-9-687x1024.jpg\" alt=\"\" class=\"wp-image-260\" srcset=\"https:\/\/denizkuregi.com\/wp-content\/uploads\/2023\/12\/1939-08-21-9-687x1024.jpg 687w, https:\/\/denizkuregi.com\/wp-content\/uploads\/2023\/12\/1939-08-21-9-201x300.jpg 201w, https:\/\/denizkuregi.com\/wp-content\/uploads\/2023\/12\/1939-08-21-9-768x1145.jpg 768w, https:\/\/denizkuregi.com\/wp-content\/uploads\/2023\/12\/1939-08-21-9-1030x1536.jpg 1030w, https:\/\/denizkuregi.com\/wp-content\/uploads\/2023\/12\/1939-08-21-9-1373x2048.jpg 1373w, https:\/\/denizkuregi.com\/wp-content\/uploads\/2023\/12\/1939-08-21-9-scaled.jpg 1716w\" sizes=\"(max-width: 687px) 100vw, 687px\" \/><\/figure>\n","protected":false},"excerpt":{"rendered":"<p>Birinci G\u00fcne\u015f, ikinci Beykoz, \u00fc\u00e7\u00fcnc\u00fc de Galatasaray oldu<\/p>\n","protected":false},"author":6,"featured_media":0,"comment_status":"open","ping_status":"open","sticky":false,"template":"","format":"standard","meta":[],"categories":[37],"tags":[],"_links":{"self":[{"href":"https:\/\/denizkuregi.com\/index.php?rest_route=\/wp\/v2\/posts\/258"}],"collection":[{"href":"https:\/\/denizkuregi.com\/index.php?rest_route=\/wp\/v2\/posts"}],"about":[{"href":"https:\/\/denizkuregi.com\/index.php?rest_route=\/wp\/v2\/types\/post"}],"author":[{"embeddable":true,"href":"https:\/\/denizkuregi.com\/index.php?rest_route=\/wp\/v2\/users\/6"}],"replies":[{"embeddable":true,"href":"https:\/\/denizkuregi.com\/index.php?rest_route=%2Fwp%2Fv2%2Fcomments&post=258"}],"version-history":[{"count":1,"href":"https:\/\/denizkuregi.com\/index.php?rest_route=\/wp\/v2\/posts\/258\/revisions"}],"predecessor-version":[{"id":261,"href":"https:\/\/denizkuregi.com\/index.php?rest_route=\/wp\/v2\/posts\/258\/revisions\/261"}],"wp:attachment":[{"href":"https:\/\/denizkuregi.com\/index.php?rest_route=%2Fwp%2Fv2%2Fmedia&parent=258"}],"wp:term":[{"taxonomy":"category","embeddable":true,"href":"https:\/\/denizkuregi.com\/index.php?rest_route=%2Fwp%2Fv2%2Fcategories&post=258"},{"taxonomy":"post_tag","embeddable":true,"href":"https:\/\/denizkuregi.com\/index.php?rest_route=%2Fwp%2Fv2%2Ftags&post=258"}],"curies":[{"name":"wp","href":"https:\/\/api.w.org\/{rel}","templated":true}]}}